{"id":1418,"date":"2018-02-15T16:34:56","date_gmt":"2018-02-15T14:34:56","guid":{"rendered":"http:\/\/oglv-inneringen.de\/?p=1418"},"modified":"2018-09-11T13:27:35","modified_gmt":"2018-09-11T11:27:35","slug":"winterwanderung-am-28-12-2017","status":"publish","type":"post","link":"https:\/\/oglv-inneringen.de\/?p=1418","title":{"rendered":"Winterwanderung am 28.12.2017"},"content":{"rendered":"<p>Eine Winterwanderung, die diesen Namen wirklich verdiente, erlebten die Mitglieder und Freunde des OGLV am 28.12. 2017.&nbsp; Bei leichtem best\u00e4ndigem Schneefall starteten ca. 30 wanderfreudige Menschen in Inneringen und marschierten \u00fcber die Albhochfl\u00e4che zu den Inneringer Erzgruben.<\/p>\n<p><a href=\"https:\/\/oglv-inneringen.de\/wp-content\/uploads\/2018\/01\/20171228_105148.jpg\"><img loading=\"lazy\" decoding=\"async\" class=\"alignnone size-medium wp-image-1419\" src=\"https:\/\/oglv-inneringen.de\/wp-content\/uploads\/2018\/01\/20171228_105148-300x169.jpg\" alt=\"\" width=\"300\" height=\"169\" srcset=\"https:\/\/oglv-inneringen.de\/wp-content\/uploads\/2018\/01\/20171228_105148-300x169.jpg 300w, https:\/\/oglv-inneringen.de\/wp-content\/uploads\/2018\/01\/20171228_105148-768x432.jpg 768w, https:\/\/oglv-inneringen.de\/wp-content\/uploads\/2018\/01\/20171228_105148.jpg 1024w, https:\/\/oglv-inneringen.de\/wp-content\/uploads\/2018\/01\/20171228_105148-624x351.jpg 624w\" sizes=\"auto, (max-width: 300px) 100vw, 300px\" \/><\/a> <a href=\"https:\/\/oglv-inneringen.de\/wp-content\/uploads\/2018\/01\/20171228_113436.jpg\"><img loading=\"lazy\" decoding=\"async\" class=\"alignnone size-medium wp-image-1420\" src=\"https:\/\/oglv-inneringen.de\/wp-content\/uploads\/2018\/01\/20171228_113436-300x169.jpg\" alt=\"\" width=\"300\" height=\"169\" srcset=\"https:\/\/oglv-inneringen.de\/wp-content\/uploads\/2018\/01\/20171228_113436-300x169.jpg 300w, https:\/\/oglv-inneringen.de\/wp-content\/uploads\/2018\/01\/20171228_113436-768x432.jpg 768w, https:\/\/oglv-inneringen.de\/wp-content\/uploads\/2018\/01\/20171228_113436.jpg 1024w, https:\/\/oglv-inneringen.de\/wp-content\/uploads\/2018\/01\/20171228_113436-624x351.jpg 624w\" sizes=\"auto, (max-width: 300px) 100vw, 300px\" \/><\/a><\/p>\n<p>Dort f\u00fchrte der Ehrenvorsitzende Klaus Wolf die Gruppe entlang des neu gestalteten Historienweges mit seinen verschiedenen Stationen. Im schneebedeckten Wald konnte man leidlich erahnen, wie hart das Leben der Menschen als Erzgr\u00e4ber hier drau\u00dfen war.<\/p>\n<p><a href=\"https:\/\/oglv-inneringen.de\/wp-content\/uploads\/2018\/01\/20171228_123717.jpg\"><img loading=\"lazy\" decoding=\"async\" class=\"alignnone size-medium wp-image-1421\" src=\"https:\/\/oglv-inneringen.de\/wp-content\/uploads\/2018\/01\/20171228_123717-300x169.jpg\" alt=\"\" width=\"300\" height=\"169\" srcset=\"https:\/\/oglv-inneringen.de\/wp-content\/uploads\/2018\/01\/20171228_123717-300x169.jpg 300w, https:\/\/oglv-inneringen.de\/wp-content\/uploads\/2018\/01\/20171228_123717-768x432.jpg 768w, https:\/\/oglv-inneringen.de\/wp-content\/uploads\/2018\/01\/20171228_123717.jpg 1024w, https:\/\/oglv-inneringen.de\/wp-content\/uploads\/2018\/01\/20171228_123717-624x351.jpg 624w\" sizes=\"auto, (max-width: 300px) 100vw, 300px\" \/><\/a> <a href=\"https:\/\/oglv-inneringen.de\/wp-content\/uploads\/2018\/01\/20171228_134630.jpg\"><img loading=\"lazy\" decoding=\"async\" class=\"alignnone size-medium wp-image-1422\" src=\"https:\/\/oglv-inneringen.de\/wp-content\/uploads\/2018\/01\/20171228_134630-300x169.jpg\" alt=\"\" width=\"300\" height=\"169\" srcset=\"https:\/\/oglv-inneringen.de\/wp-content\/uploads\/2018\/01\/20171228_134630-300x169.jpg 300w, https:\/\/oglv-inneringen.de\/wp-content\/uploads\/2018\/01\/20171228_134630-768x432.jpg 768w, https:\/\/oglv-inneringen.de\/wp-content\/uploads\/2018\/01\/20171228_134630.jpg 1024w, https:\/\/oglv-inneringen.de\/wp-content\/uploads\/2018\/01\/20171228_134630-624x351.jpg 624w\" sizes=\"auto, (max-width: 300px) 100vw, 300px\" \/><\/a><\/p>\n<p>Nach Beendigung des Rundganges, wanderten alle bergab in Richtung Veringenstadt zur Grillh\u00fctte, wo die wohlverdiente Mittagspause mit Grillwurst und Gl\u00fchwein eingelegt wurde. Anschlie\u00dfend ging es im G\u00e4nsemarsch weiter, \u00fcber verschneite Waldpfade, hinab zur Nikolaush\u00f6hle.<\/p>\n<p><a href=\"https:\/\/oglv-inneringen.de\/wp-content\/uploads\/2018\/01\/20171228_135414.jpg\"><img loading=\"lazy\" decoding=\"async\" class=\"alignnone size-medium wp-image-1423\" src=\"https:\/\/oglv-inneringen.de\/wp-content\/uploads\/2018\/01\/20171228_135414-300x169.jpg\" alt=\"\" width=\"300\" height=\"169\" srcset=\"https:\/\/oglv-inneringen.de\/wp-content\/uploads\/2018\/01\/20171228_135414-300x169.jpg 300w, https:\/\/oglv-inneringen.de\/wp-content\/uploads\/2018\/01\/20171228_135414-768x432.jpg 768w, https:\/\/oglv-inneringen.de\/wp-content\/uploads\/2018\/01\/20171228_135414.jpg 1024w, https:\/\/oglv-inneringen.de\/wp-content\/uploads\/2018\/01\/20171228_135414-624x351.jpg 624w\" sizes=\"auto, (max-width: 300px) 100vw, 300px\" \/><\/a> <a href=\"https:\/\/oglv-inneringen.de\/wp-content\/uploads\/2018\/01\/20171228_153326.jpg\"><img loading=\"lazy\" decoding=\"async\" class=\"alignnone size-medium wp-image-1424\" src=\"https:\/\/oglv-inneringen.de\/wp-content\/uploads\/2018\/01\/20171228_153326-300x169.jpg\" alt=\"\" width=\"300\" height=\"169\" srcset=\"https:\/\/oglv-inneringen.de\/wp-content\/uploads\/2018\/01\/20171228_153326-300x169.jpg 300w, https:\/\/oglv-inneringen.de\/wp-content\/uploads\/2018\/01\/20171228_153326-768x432.jpg 768w, https:\/\/oglv-inneringen.de\/wp-content\/uploads\/2018\/01\/20171228_153326.jpg 1024w, https:\/\/oglv-inneringen.de\/wp-content\/uploads\/2018\/01\/20171228_153326-624x351.jpg 624w\" sizes=\"auto, (max-width: 300px) 100vw, 300px\" \/><\/a><\/p>\n<p>Am Rande der H\u00f6hle hielt Wanderf\u00fchrer Klaus Wolf eine historische Lehrstunde \u00fcber die ersten Menschen hier im Lauchertal, die in H\u00f6hlen wie diesen \u00fcberwintert haben. Heute genie\u00dft man von hier aus einen wundersch\u00f6nen Blick auf das St\u00e4dtchen Veringenstadt und die idyllische Lauchert. Vom Tal ging es dann wieder best\u00e4ndig bergan durch Wald und Flur in heimatliche Gefielde, zur\u00fcck nach Inneringen in den Gasthof Adler, wo man noch einige nette Stunden verbrachte.<\/p>\n","protected":false},"excerpt":{"rendered":"<p>Eine Winterwanderung, die diesen Namen wirklich verdiente, erlebten die Mitglieder und Freunde des OGLV am 28.12. 2017.&nbsp; Bei leichtem best\u00e4ndigem Schneefall starteten ca. 30 wanderfreudige Menschen in Inneringen und marschierten \u00fcber die Albhochfl\u00e4che zu den Inneringer Erzgruben. Dort f\u00fchrte der Ehrenvorsitzende Klaus Wolf die Gruppe entlang des neu gestalteten Historienweges mit seinen verschiedenen Stationen. Im [&hellip;]<\/p>\n","protected":false},"author":2,"featured_media":0,"comment_status":"closed","ping_status":"closed","sticky":false,"template":"","format":"standard","meta":{"ngg_post_thumbnail":0,"footnotes":""},"categories":[24],"tags":[],"class_list":["post-1418","post","type-post","status-publish","format-standard","hentry","category-24"],"_links":{"self":[{"href":"https:\/\/oglv-inneringen.de\/index.php?rest_route=\/wp\/v2\/posts\/1418","targetHints":{"allow":["GET"]}}],"collection":[{"href":"https:\/\/oglv-inneringen.de\/index.php?rest_route=\/wp\/v2\/posts"}],"about":[{"href":"https:\/\/oglv-inneringen.de\/index.php?rest_route=\/wp\/v2\/types\/post"}],"author":[{"embeddable":true,"href":"https:\/\/oglv-inneringen.de\/index.php?rest_route=\/wp\/v2\/users\/2"}],"replies":[{"embeddable":true,"href":"https:\/\/oglv-inneringen.de\/index.php?rest_route=%2Fwp%2Fv2%2Fcomments&post=1418"}],"version-history":[{"count":6,"href":"https:\/\/oglv-inneringen.de\/index.php?rest_route=\/wp\/v2\/posts\/1418\/revisions"}],"predecessor-version":[{"id":1431,"href":"https:\/\/oglv-inneringen.de\/index.php?rest_route=\/wp\/v2\/posts\/1418\/revisions\/1431"}],"wp:attachment":[{"href":"https:\/\/oglv-inneringen.de\/index.php?rest_route=%2Fwp%2Fv2%2Fmedia&parent=1418"}],"wp:term":[{"taxonomy":"category","embeddable":true,"href":"https:\/\/oglv-inneringen.de\/index.php?rest_route=%2Fwp%2Fv2%2Fcategories&post=1418"},{"taxonomy":"post_tag","embeddable":true,"href":"https:\/\/oglv-inneringen.de\/index.php?rest_route=%2Fwp%2Fv2%2Ftags&post=1418"}],"curies":[{"name":"wp","href":"https:\/\/api.w.org\/{rel}","templated":true}]}}