{"id":1338,"date":"2017-01-20T21:47:29","date_gmt":"2017-01-20T19:47:29","guid":{"rendered":"http:\/\/oglv-inneringen.de\/?p=1338"},"modified":"2017-02-09T14:27:05","modified_gmt":"2017-02-09T12:27:05","slug":"baeume-wurden-am-haus-der-begegnung-gefaellt","status":"publish","type":"post","link":"https:\/\/oglv-inneringen.de\/?p=1338","title":{"rendered":"Baumf\u00e4llarbeiten am Haus der Begegnung"},"content":{"rendered":"<p>Im Auftrag der Kirchengemeinde fand am Freitag, den 20. Januar die Baumf\u00e4llaktion vor dem Haus der Begegnung statt.&nbsp; Die beiden ca. 40 Jahre alten Zierahornb\u00e4ume hatten so starke und gro\u00dfe Seiten\u00e4ste, dass bei starkem Wind jederzeit mit fallenden Zweigen und abbrechenden \u00c4sten gerechnet werden musste.<\/p>\n<p><a href=\"https:\/\/oglv-inneringen.de\/wp-content\/uploads\/2017\/01\/DSC_0065.jpg\"><img loading=\"lazy\" decoding=\"async\" class=\"alignnone size-medium wp-image-1339\" src=\"https:\/\/oglv-inneringen.de\/wp-content\/uploads\/2017\/01\/DSC_0065-300x201.jpg\" alt=\"\" width=\"300\" height=\"201\" srcset=\"https:\/\/oglv-inneringen.de\/wp-content\/uploads\/2017\/01\/DSC_0065-300x201.jpg 300w, https:\/\/oglv-inneringen.de\/wp-content\/uploads\/2017\/01\/DSC_0065-768x514.jpg 768w, https:\/\/oglv-inneringen.de\/wp-content\/uploads\/2017\/01\/DSC_0065.jpg 1024w, https:\/\/oglv-inneringen.de\/wp-content\/uploads\/2017\/01\/DSC_0065-624x417.jpg 624w\" sizes=\"auto, (max-width: 300px) 100vw, 300px\" \/><\/a>&nbsp;&nbsp;<a href=\"https:\/\/oglv-inneringen.de\/wp-content\/uploads\/2017\/01\/DSC_0105.jpg\"><img loading=\"lazy\" decoding=\"async\" class=\"alignnone size-medium wp-image-1340\" src=\"https:\/\/oglv-inneringen.de\/wp-content\/uploads\/2017\/01\/DSC_0105-300x201.jpg\" alt=\"\" width=\"300\" height=\"201\" srcset=\"https:\/\/oglv-inneringen.de\/wp-content\/uploads\/2017\/01\/DSC_0105-300x201.jpg 300w, https:\/\/oglv-inneringen.de\/wp-content\/uploads\/2017\/01\/DSC_0105-768x514.jpg 768w, https:\/\/oglv-inneringen.de\/wp-content\/uploads\/2017\/01\/DSC_0105.jpg 1024w, https:\/\/oglv-inneringen.de\/wp-content\/uploads\/2017\/01\/DSC_0105-624x417.jpg 624w\" sizes=\"auto, (max-width: 300px) 100vw, 300px\" \/><\/a><\/p>\n<p>Um eine Gef\u00e4hrdung von Menschen und der umliegenden Geb\u00e4ude zu vermeiden, wurden beide B\u00e4ume am Freitag von&nbsp; unserem F\u00f6rster Roland Teufel und dem Lohnunternehmer Daniel Locher, zwei Fachleuten aus unserem Verein, gef\u00e4llt.&nbsp;<\/p>\n<p><a href=\"https:\/\/oglv-inneringen.de\/wp-content\/uploads\/2017\/01\/DSC_0107.jpg\"><img loading=\"lazy\" decoding=\"async\" class=\"alignnone size-medium wp-image-1341\" src=\"https:\/\/oglv-inneringen.de\/wp-content\/uploads\/2017\/01\/DSC_0107-300x201.jpg\" alt=\"\" width=\"300\" height=\"201\" srcset=\"https:\/\/oglv-inneringen.de\/wp-content\/uploads\/2017\/01\/DSC_0107-300x201.jpg 300w, https:\/\/oglv-inneringen.de\/wp-content\/uploads\/2017\/01\/DSC_0107-768x514.jpg 768w, https:\/\/oglv-inneringen.de\/wp-content\/uploads\/2017\/01\/DSC_0107.jpg 1024w, https:\/\/oglv-inneringen.de\/wp-content\/uploads\/2017\/01\/DSC_0107-624x417.jpg 624w\" sizes=\"auto, (max-width: 300px) 100vw, 300px\" \/><\/a>&nbsp;<a href=\"https:\/\/oglv-inneringen.de\/wp-content\/uploads\/2017\/01\/DSC_0110.jpg\"><img loading=\"lazy\" decoding=\"async\" class=\"alignnone size-medium wp-image-1342\" src=\"https:\/\/oglv-inneringen.de\/wp-content\/uploads\/2017\/01\/DSC_0110-300x201.jpg\" alt=\"\" width=\"300\" height=\"201\" srcset=\"https:\/\/oglv-inneringen.de\/wp-content\/uploads\/2017\/01\/DSC_0110-300x201.jpg 300w, https:\/\/oglv-inneringen.de\/wp-content\/uploads\/2017\/01\/DSC_0110-768x514.jpg 768w, https:\/\/oglv-inneringen.de\/wp-content\/uploads\/2017\/01\/DSC_0110.jpg 1024w, https:\/\/oglv-inneringen.de\/wp-content\/uploads\/2017\/01\/DSC_0110-624x417.jpg 624w\" sizes=\"auto, (max-width: 300px) 100vw, 300px\" \/><\/a><\/p>\n<p>Zuerst wurden die starken Seiten\u00e4ste beseitigt, bevor die dicken Baumst\u00e4mme abges\u00e4gt werden konnten. Dabei war es wichtig, die Fallrichtung genau einzuhalten.<\/p>\n<p><a href=\"https:\/\/oglv-inneringen.de\/wp-content\/uploads\/2017\/01\/DSC_0117.jpg\"><img loading=\"lazy\" decoding=\"async\" class=\"alignnone size-medium wp-image-1343\" src=\"https:\/\/oglv-inneringen.de\/wp-content\/uploads\/2017\/01\/DSC_0117-300x201.jpg\" alt=\"\" width=\"300\" height=\"201\" srcset=\"https:\/\/oglv-inneringen.de\/wp-content\/uploads\/2017\/01\/DSC_0117-300x201.jpg 300w, https:\/\/oglv-inneringen.de\/wp-content\/uploads\/2017\/01\/DSC_0117-768x514.jpg 768w, https:\/\/oglv-inneringen.de\/wp-content\/uploads\/2017\/01\/DSC_0117.jpg 1024w, https:\/\/oglv-inneringen.de\/wp-content\/uploads\/2017\/01\/DSC_0117-624x417.jpg 624w\" sizes=\"auto, (max-width: 300px) 100vw, 300px\" \/><\/a>&nbsp;<a href=\"https:\/\/oglv-inneringen.de\/wp-content\/uploads\/2017\/01\/DSC_0137.jpg\"><img loading=\"lazy\" decoding=\"async\" class=\"alignnone size-medium wp-image-1345\" src=\"https:\/\/oglv-inneringen.de\/wp-content\/uploads\/2017\/01\/DSC_0137-300x201.jpg\" alt=\"\" width=\"300\" height=\"201\" srcset=\"https:\/\/oglv-inneringen.de\/wp-content\/uploads\/2017\/01\/DSC_0137-300x201.jpg 300w, https:\/\/oglv-inneringen.de\/wp-content\/uploads\/2017\/01\/DSC_0137-768x514.jpg 768w, https:\/\/oglv-inneringen.de\/wp-content\/uploads\/2017\/01\/DSC_0137.jpg 1024w, https:\/\/oglv-inneringen.de\/wp-content\/uploads\/2017\/01\/DSC_0137-624x417.jpg 624w\" sizes=\"auto, (max-width: 300px) 100vw, 300px\" \/><\/a><\/p>\n<p>Im Anschluss an die F\u00e4llarbeiten konnten die anderen Mitglieder des Vereins mit den Aufr\u00e4umarbeiten beginnen. Das Reisig wurde von Daniel Locher als Material f\u00fcr den &#8222;Funken&#8220; am 5. M\u00e4rz abtransportiert, w\u00e4hrend das verwendbare Holz unter den Helfern verteilt werden konnte.<\/p>\n<p>&nbsp;<a href=\"https:\/\/oglv-inneringen.de\/wp-content\/uploads\/2017\/01\/DSC_0187.jpg\"><img loading=\"lazy\" decoding=\"async\" class=\"alignnone size-medium wp-image-1346\" src=\"https:\/\/oglv-inneringen.de\/wp-content\/uploads\/2017\/01\/DSC_0187-201x300.jpg\" alt=\"\" width=\"201\" height=\"300\" srcset=\"https:\/\/oglv-inneringen.de\/wp-content\/uploads\/2017\/01\/DSC_0187-201x300.jpg 201w, https:\/\/oglv-inneringen.de\/wp-content\/uploads\/2017\/01\/DSC_0187.jpg 685w, https:\/\/oglv-inneringen.de\/wp-content\/uploads\/2017\/01\/DSC_0187-624x933.jpg 624w\" sizes=\"auto, (max-width: 201px) 100vw, 201px\" \/><\/a>&nbsp; &nbsp; &nbsp; &nbsp; &nbsp; &nbsp; &nbsp; &nbsp; &nbsp; &nbsp; &nbsp; &nbsp; &nbsp; &nbsp;&nbsp;<a href=\"https:\/\/oglv-inneringen.de\/wp-content\/uploads\/2017\/01\/DSC_0197.jpg\"><img loading=\"lazy\" decoding=\"async\" class=\"alignnone size-medium wp-image-1347\" src=\"https:\/\/oglv-inneringen.de\/wp-content\/uploads\/2017\/01\/DSC_0197-201x300.jpg\" alt=\"\" width=\"201\" height=\"300\" srcset=\"https:\/\/oglv-inneringen.de\/wp-content\/uploads\/2017\/01\/DSC_0197-201x300.jpg 201w, https:\/\/oglv-inneringen.de\/wp-content\/uploads\/2017\/01\/DSC_0197.jpg 685w, https:\/\/oglv-inneringen.de\/wp-content\/uploads\/2017\/01\/DSC_0197-624x933.jpg 624w\" sizes=\"auto, (max-width: 201px) 100vw, 201px\" \/><\/a><\/p>\n<p>F\u00fcr diese Aktion war es von gro\u00dfem Vorteil, dass wir auf erfahrene und gut ausgestattete&nbsp; Fachleute zur\u00fcckgreifen konnten. Vielen Dank an die beiden Verantwortlichen, an alle tatkr\u00e4ftigen Helfer und an Karin Pr\u00f6bstle f\u00fcr die gute Verpflegung.<\/p>\n","protected":false},"excerpt":{"rendered":"<p>Im Auftrag der Kirchengemeinde fand am Freitag, den 20. Januar die Baumf\u00e4llaktion vor dem Haus der Begegnung statt.&nbsp; Die beiden ca. 40 Jahre alten Zierahornb\u00e4ume hatten so starke und gro\u00dfe Seiten\u00e4ste, dass bei starkem Wind jederzeit mit fallenden Zweigen und abbrechenden \u00c4sten gerechnet werden musste. &nbsp;&nbsp; Um eine Gef\u00e4hrdung von Menschen und der umliegenden Geb\u00e4ude [&hellip;]<\/p>\n","protected":false},"author":2,"featured_media":0,"comment_status":"closed","ping_status":"closed","sticky":false,"template":"","format":"standard","meta":{"ngg_post_thumbnail":0,"footnotes":""},"categories":[24],"tags":[],"class_list":["post-1338","post","type-post","status-publish","format-standard","hentry","category-24"],"_links":{"self":[{"href":"https:\/\/oglv-inneringen.de\/index.php?rest_route=\/wp\/v2\/posts\/1338","targetHints":{"allow":["GET"]}}],"collection":[{"href":"https:\/\/oglv-inneringen.de\/index.php?rest_route=\/wp\/v2\/posts"}],"about":[{"href":"https:\/\/oglv-inneringen.de\/index.php?rest_route=\/wp\/v2\/types\/post"}],"author":[{"embeddable":true,"href":"https:\/\/oglv-inneringen.de\/index.php?rest_route=\/wp\/v2\/users\/2"}],"replies":[{"embeddable":true,"href":"https:\/\/oglv-inneringen.de\/index.php?rest_route=%2Fwp%2Fv2%2Fcomments&post=1338"}],"version-history":[{"count":5,"href":"https:\/\/oglv-inneringen.de\/index.php?rest_route=\/wp\/v2\/posts\/1338\/revisions"}],"predecessor-version":[{"id":1356,"href":"https:\/\/oglv-inneringen.de\/index.php?rest_route=\/wp\/v2\/posts\/1338\/revisions\/1356"}],"wp:attachment":[{"href":"https:\/\/oglv-inneringen.de\/index.php?rest_route=%2Fwp%2Fv2%2Fmedia&parent=1338"}],"wp:term":[{"taxonomy":"category","embeddable":true,"href":"https:\/\/oglv-inneringen.de\/index.php?rest_route=%2Fwp%2Fv2%2Fcategories&post=1338"},{"taxonomy":"post_tag","embeddable":true,"href":"https:\/\/oglv-inneringen.de\/index.php?rest_route=%2Fwp%2Fv2%2Ftags&post=1338"}],"curies":[{"name":"wp","href":"https:\/\/api.w.org\/{rel}","templated":true}]}}